{"id":6982,"date":"2025-04-02T21:47:31","date_gmt":"2025-04-02T21:47:31","guid":{"rendered":"http:\/\/www.bttllagostera.cat\/?p=6982"},"modified":"2025-04-02T21:47:33","modified_gmt":"2025-04-02T21:47:33","slug":"la-salamandra-2025","status":"publish","type":"post","link":"http:\/\/www.bttllagostera.cat\/?p=6982","title":{"rendered":"LA SALAMANDRA 2025"},"content":{"rendered":"\n<p>Us ho vam prometre, i nosaltres no som de dir mentides. Aquest any, despr\u00e9s d&#8217;un any de pausa, la marxa popular La Salamandra torna i, com ja us vam avan\u00e7ar, ho fem amb una nova data. El pr\u00f2xim diumenge 25 de maig us esperem a Llagostera per rec\u00f3rrer els millors corriols i camins del nostre jard\u00ed, l&#8217;Ardenya&#x26f0;&#xfe0f;.<\/p>\n\n\n\n<p>Com a l&#8217;\u00faltima edici\u00f3, tenim preparats tres circuits, el llarg, el curt i el de la ja coneguda \u00abkids\u00bb pels m\u00e9s menuts i els seus acompanyants.<\/p>\n\n\n\n<p>&#x1f50b;Els que us agrada l&#8217;electricitat (e-bikes), tamb\u00e9 sereu benvinguts.<\/p>\n\n\n\n<p>&#x1f195; Com a novetat d&#8217;enguany, us tenim preparat un nou recorregut per a la modalitat GRAVEL. Aix\u00ed que pels m\u00e9s \u00abgravelerus\u00bb, ja no teniu excusa per no venir a La Salamandra!<\/p>\n\n\n\n<p>&#x1f4dd;Enlla\u00e7 de les inscripcions a partir d&#8217;aquest divendres<\/p>\n\n\n\n<div class=\"wp-block-buttons is-content-justification-center is-layout-flex wp-container-1\">\n<div class=\"wp-block-button\"><a class=\"wp-block-button__link wp-element-button\" href=\"http:\/\/www.bttllagostera.cat\/?page_id=6769\" target=\"_blank\" rel=\"noreferrer noopener\"><mark style=\"background-color:rgba(0, 0, 0, 0)\" class=\"has-inline-color has-white-color\">+ INFO<\/mark><\/a><\/div>\n<\/div>\n","protected":false},"excerpt":{"rendered":"<p>Us ho vam prometre, i nosaltres no som de dir mentides. Aquest any, despr\u00e9s d&#8217;un any de pausa, la marxa popular La Salamandra torna i, com ja us vam avan\u00e7ar, ho fem amb una nova data. El pr\u00f2xim diumenge 25 de maig us esperem a Llagostera per rec\u00f3rrer els millors corriols i camins del nostre &#8230;<\/p>\n","protected":false},"author":3,"featured_media":6951,"comment_status":"closed","ping_status":"closed","sticky":false,"template":"","format":"standard","meta":[],"categories":[99,95],"tags":[],"featured_image_src":"http:\/\/www.bttllagostera.cat\/wp-content\/uploads\/2025\/04\/Cartell-JPG-600x400.jpg","featured_image_src_square":"http:\/\/www.bttllagostera.cat\/wp-content\/uploads\/2025\/04\/Cartell-JPG-600x600.jpg","author_info":{"display_name":"Roger Recasens","author_link":"http:\/\/www.bttllagostera.cat\/?author=3"},"_links":{"self":[{"href":"http:\/\/www.bttllagostera.cat\/index.php?rest_route=\/wp\/v2\/posts\/6982"}],"collection":[{"href":"http:\/\/www.bttllagostera.cat\/index.php?rest_route=\/wp\/v2\/posts"}],"about":[{"href":"http:\/\/www.bttllagostera.cat\/index.php?rest_route=\/wp\/v2\/types\/post"}],"author":[{"embeddable":true,"href":"http:\/\/www.bttllagostera.cat\/index.php?rest_route=\/wp\/v2\/users\/3"}],"replies":[{"embeddable":true,"href":"http:\/\/www.bttllagostera.cat\/index.php?rest_route=%2Fwp%2Fv2%2Fcomments&post=6982"}],"version-history":[{"count":1,"href":"http:\/\/www.bttllagostera.cat\/index.php?rest_route=\/wp\/v2\/posts\/6982\/revisions"}],"predecessor-version":[{"id":6983,"href":"http:\/\/www.bttllagostera.cat\/index.php?rest_route=\/wp\/v2\/posts\/6982\/revisions\/6983"}],"wp:featuredmedia":[{"embeddable":true,"href":"http:\/\/www.bttllagostera.cat\/index.php?rest_route=\/wp\/v2\/media\/6951"}],"wp:attachment":[{"href":"http:\/\/www.bttllagostera.cat\/index.php?rest_route=%2Fwp%2Fv2%2Fmedia&parent=6982"}],"wp:term":[{"taxonomy":"category","embeddable":true,"href":"http:\/\/www.bttllagostera.cat\/index.php?rest_route=%2Fwp%2Fv2%2Fcategories&post=6982"},{"taxonomy":"post_tag","embeddable":true,"href":"http:\/\/www.bttllagostera.cat\/index.php?rest_route=%2Fwp%2Fv2%2Ftags&post=6982"}],"curies":[{"name":"wp","href":"https:\/\/api.w.org\/{rel}","templated":true}]}}