{"id":6392,"date":"2022-06-23T18:17:30","date_gmt":"2022-06-23T18:17:30","guid":{"rendered":"http:\/\/www.bttllagostera.cat\/?p=6392"},"modified":"2022-06-28T20:11:11","modified_gmt":"2022-06-28T20:11:11","slug":"preparant-la-salamandra-2022","status":"publish","type":"post","link":"http:\/\/www.bttllagostera.cat\/?p=6392","title":{"rendered":"Preparant La Salamandra 2022"},"content":{"rendered":"\n<h4 class=\"has-vivid-red-color has-text-color wp-block-heading\">***PR\u00d2XIMAMENT OBERTURA D&#8217;INSCRIPCIONS***<\/h4>\n\n\n\n<p>Esperem que hagueu fet gana des de l&#8217;\u00faltima edici\u00f3 de La Salamandra, perqu\u00e8 ja fa dies que us estem preparant el que ser\u00e0 l&#8217;edici\u00f3 2022. Apunteu-ho al calendari perqu\u00e8 ser\u00e0 el pr\u00f2xim <strong>28 d&#8217;agost<\/strong>.<\/p>\n\n\n\n<p>Venint d&#8217;una edici\u00f3 que va ser tot un \u00e8xit, aquest any tindrem alguna novetat<strong>*<\/strong>.<\/p>\n\n\n\n<p><strong>NOVETATS<\/strong> EN ELS<strong> RECORREGUTS <\/strong>Aquest any comptarem amb <strong>3<\/strong> recorreguts!!!<\/p>\n\n\n\n<p class=\"has-text-align-center\">          <strong>LLARG<\/strong> 41km 1150m+                  <strong>CURT<\/strong> 24km 550m+                <strong>**SALAMANDRA KIDS**<\/strong> 10km 170m+<\/p>\n\n\n\n<p>Aquest any hem volgut introduir un nou recorregut, encarat cap als nens que estan comen\u00e7ant amb la BTT i a gent que s&#8217;inicia amb poc nivell. Els menors de 10 anys obligat\u00f2riament hauran d&#8217;anar acompanyats d&#8217;un major d&#8217;edat, i tots els menors de 14 anys hauran de portar un full d&#8217;autoritzaci\u00f3 d&#8217;un pare, mare o tutor.<\/p>\n\n\n\n<p>SI us va agradar l&#8217;edici\u00f3 2021, la d&#8217;aquest any 2022 ser\u00e0 encara millor! Entreneu fort que ser\u00e0 dura!!!<\/p>\n\n\n\n<p>Esteu atents! Anirem publicant informaci\u00f3 a la web, <strong>l&#8217;Instagram<\/strong> i al <a href=\"https:\/\/www.facebook.com\/btt.llagostera\" target=\"_blank\" rel=\"noreferrer noopener\" aria-label=\"Facebook (se abre en una nueva pesta\u00f1a)\"><strong>Facebook<\/strong><\/a>!!!<\/p>\n","protected":false},"excerpt":{"rendered":"<p>***PR\u00d2XIMAMENT OBERTURA D&#8217;INSCRIPCIONS*** Esperem que hagueu fet gana des de l&#8217;\u00faltima edici\u00f3 de La Salamandra, perqu\u00e8 ja fa dies que us estem preparant el que ser\u00e0 l&#8217;edici\u00f3 2022. Apunteu-ho al calendari perqu\u00e8 ser\u00e0 el pr\u00f2xim 28 d&#8217;agost. Venint d&#8217;una edici\u00f3 que va ser tot un \u00e8xit, aquest any tindrem alguna novetat*. NOVETATS EN ELS RECORREGUTS &#8230;<\/p>\n","protected":false},"author":3,"featured_media":6393,"comment_status":"closed","ping_status":"closed","sticky":false,"template":"","format":"standard","meta":[],"categories":[99,95],"tags":[],"featured_image_src":"http:\/\/www.bttllagostera.cat\/wp-content\/uploads\/2022\/06\/salamandra22-curt-600x400.png","featured_image_src_square":"http:\/\/www.bttllagostera.cat\/wp-content\/uploads\/2022\/06\/salamandra22-curt-600x600.png","author_info":{"display_name":"Roger Recasens","author_link":"http:\/\/www.bttllagostera.cat\/?author=3"},"_links":{"self":[{"href":"http:\/\/www.bttllagostera.cat\/index.php?rest_route=\/wp\/v2\/posts\/6392"}],"collection":[{"href":"http:\/\/www.bttllagostera.cat\/index.php?rest_route=\/wp\/v2\/posts"}],"about":[{"href":"http:\/\/www.bttllagostera.cat\/index.php?rest_route=\/wp\/v2\/types\/post"}],"author":[{"embeddable":true,"href":"http:\/\/www.bttllagostera.cat\/index.php?rest_route=\/wp\/v2\/users\/3"}],"replies":[{"embeddable":true,"href":"http:\/\/www.bttllagostera.cat\/index.php?rest_route=%2Fwp%2Fv2%2Fcomments&post=6392"}],"version-history":[{"count":8,"href":"http:\/\/www.bttllagostera.cat\/index.php?rest_route=\/wp\/v2\/posts\/6392\/revisions"}],"predecessor-version":[{"id":6421,"href":"http:\/\/www.bttllagostera.cat\/index.php?rest_route=\/wp\/v2\/posts\/6392\/revisions\/6421"}],"wp:featuredmedia":[{"embeddable":true,"href":"http:\/\/www.bttllagostera.cat\/index.php?rest_route=\/wp\/v2\/media\/6393"}],"wp:attachment":[{"href":"http:\/\/www.bttllagostera.cat\/index.php?rest_route=%2Fwp%2Fv2%2Fmedia&parent=6392"}],"wp:term":[{"taxonomy":"category","embeddable":true,"href":"http:\/\/www.bttllagostera.cat\/index.php?rest_route=%2Fwp%2Fv2%2Fcategories&post=6392"},{"taxonomy":"post_tag","embeddable":true,"href":"http:\/\/www.bttllagostera.cat\/index.php?rest_route=%2Fwp%2Fv2%2Ftags&post=6392"}],"curies":[{"name":"wp","href":"https:\/\/api.w.org\/{rel}","templated":true}]}}