{"id":6372,"date":"2022-03-14T11:37:10","date_gmt":"2022-03-14T11:37:10","guid":{"rendered":"http:\/\/www.bttllagostera.cat\/?p=6372"},"modified":"2022-06-23T18:44:43","modified_gmt":"2022-06-23T18:44:43","slug":"equipacions-2022-23","status":"publish","type":"post","link":"http:\/\/www.bttllagostera.cat\/?p=6372","title":{"rendered":"Noves equipacions 2022-23"},"content":{"rendered":"\n<p>Com cada dos anys, des del <strong>Club BTT LLAGOSTERA<\/strong> renovem equipaci\u00f3 i patrocinadors.<br>Per a les properes dues temporades seguirem comptant amb el patrocini <strong>d&#8217;UNITED CAPS, EMBOTITS MONTER, SERRERIES GAROLERA, AYATS CYCLES i RADIKAL BIKES<\/strong>. Agrair la seva col\u00b7laboraci\u00f3 novament.<\/p>\n\n\n\n<p>Els que vulgueu comprar la nova equipaci\u00f3, podeu passar per la botiga \u00abX Peus\u00bb al carrer Almog\u00e0vers n\u00ba9. Hi ha roba de tallatge per provar la que m\u00e9s us convingui, per encarregar-la s&#8217;haur\u00e0 d&#8217;abonar l&#8217;import a \u00abX Peus\u00bb mateix. <\/p>\n\n\n\n<p>El preu de culotte i maillot d&#8217;estiu \u00e9s de <strong>89\u20ac<\/strong>, per als socis del club el preu ser\u00e0 de <strong>60\u20ac<\/strong>. La difer\u00e8ncia ser\u00e0 aportada pel club gr\u00e0cies al suport dels patrocinadors i a l&#8217;\u00e8xit de la Salamandra que ens ho permet (gr\u00e0cies tamb\u00e9 a tots els que hi col\u00b7laboreu).<\/p>\n\n\n\n<p>Cal dir que aquest any tant el teixit com la badana seran de la millor qualitat que fabrica TuTribu. Teniu temps fins el dia 18 de mar\u00e7 per fer la comanda. A partir de llavors, si hi ha qualsevol persona interessada a demanar alguna equipaci\u00f3, us podeu posar en contacte amb el club i gestionarem la comanda agrupant diverses peticions.&#x1f44d;&#x1f98e;<\/p>\n","protected":false},"excerpt":{"rendered":"<p>Com cada dos anys, des del Club BTT LLAGOSTERA renovem equipaci\u00f3 i patrocinadors.Per a les properes dues temporades seguirem comptant amb el patrocini d&#8217;UNITED CAPS, EMBOTITS MONTER, SERRERIES GAROLERA, AYATS CYCLES i RADIKAL BIKES. Agrair la seva col\u00b7laboraci\u00f3 novament. Els que vulgueu comprar la nova equipaci\u00f3, podeu passar per la botiga \u00abX Peus\u00bb al carrer &#8230;<\/p>\n","protected":false},"author":3,"featured_media":6378,"comment_status":"closed","ping_status":"closed","sticky":false,"template":"","format":"standard","meta":[],"categories":[97,95],"tags":[],"featured_image_src":"http:\/\/www.bttllagostera.cat\/wp-content\/uploads\/2022\/03\/NOVA-EQUIPACI\u00d3-2022-23-600x400.jpg","featured_image_src_square":"http:\/\/www.bttllagostera.cat\/wp-content\/uploads\/2022\/03\/NOVA-EQUIPACI\u00d3-2022-23-600x600.jpg","author_info":{"display_name":"Roger Recasens","author_link":"http:\/\/www.bttllagostera.cat\/?author=3"},"_links":{"self":[{"href":"http:\/\/www.bttllagostera.cat\/index.php?rest_route=\/wp\/v2\/posts\/6372"}],"collection":[{"href":"http:\/\/www.bttllagostera.cat\/index.php?rest_route=\/wp\/v2\/posts"}],"about":[{"href":"http:\/\/www.bttllagostera.cat\/index.php?rest_route=\/wp\/v2\/types\/post"}],"author":[{"embeddable":true,"href":"http:\/\/www.bttllagostera.cat\/index.php?rest_route=\/wp\/v2\/users\/3"}],"replies":[{"embeddable":true,"href":"http:\/\/www.bttllagostera.cat\/index.php?rest_route=%2Fwp%2Fv2%2Fcomments&post=6372"}],"version-history":[{"count":3,"href":"http:\/\/www.bttllagostera.cat\/index.php?rest_route=\/wp\/v2\/posts\/6372\/revisions"}],"predecessor-version":[{"id":6401,"href":"http:\/\/www.bttllagostera.cat\/index.php?rest_route=\/wp\/v2\/posts\/6372\/revisions\/6401"}],"wp:featuredmedia":[{"embeddable":true,"href":"http:\/\/www.bttllagostera.cat\/index.php?rest_route=\/wp\/v2\/media\/6378"}],"wp:attachment":[{"href":"http:\/\/www.bttllagostera.cat\/index.php?rest_route=%2Fwp%2Fv2%2Fmedia&parent=6372"}],"wp:term":[{"taxonomy":"category","embeddable":true,"href":"http:\/\/www.bttllagostera.cat\/index.php?rest_route=%2Fwp%2Fv2%2Fcategories&post=6372"},{"taxonomy":"post_tag","embeddable":true,"href":"http:\/\/www.bttllagostera.cat\/index.php?rest_route=%2Fwp%2Fv2%2Ftags&post=6372"}],"curies":[{"name":"wp","href":"https:\/\/api.w.org\/{rel}","templated":true}]}}