{"id":6289,"date":"2021-08-30T07:34:52","date_gmt":"2021-08-30T07:34:52","guid":{"rendered":"http:\/\/www.bttllagostera.cat\/?p=6289"},"modified":"2021-09-14T21:35:30","modified_gmt":"2021-09-14T21:35:30","slug":"classificacions-i-albums-de-fotos-de-la-salamandra-2021","status":"publish","type":"post","link":"http:\/\/www.bttllagostera.cat\/?p=6289","title":{"rendered":"Classificacions i \u00e0lbums de fotos de La Salamandra 2021"},"content":{"rendered":"\n<p>Bones a tothom!<\/p>\n\n\n\n<p>Ja podeu consultar les <strong>classificacions de La Salamandra 2021<\/strong>. Us recordem que es tracta d&#8217;una <strong>marxa popular no competitiva<\/strong> i que us oferim les classificacions com a un servei m\u00e9s, per\u00f2 <strong>poden contenir errors i imprecisions<\/strong> (en alguns cops, alienes a l&#8217;organitzaci\u00f3). Per a nosaltres, <strong>el m\u00e9s important era que gaud\u00edssiu dels recorreguts<\/strong> que us vam proposar. <\/p>\n\n\n\n<p><strong><a href=\"http:\/\/www.bttllagostera.cat\/wp-content\/uploads\/2021\/08\/Salamandra-2021-Llarg.pdf\" target=\"_blank\" rel=\"noreferrer noopener\" aria-label=\"Classificaci\u00f3 Llarg 40 KM (se abre en una nueva pesta\u00f1a)\">Classificaci\u00f3 Llarg 40 KM<\/a><\/strong><\/p>\n\n\n\n<p><strong><a href=\"http:\/\/www.bttllagostera.cat\/wp-content\/uploads\/2021\/08\/Salamandra-2021-Ebike.pdf\" target=\"_blank\" rel=\"noreferrer noopener\" aria-label=\"Classificaci\u00f3 eBike 40 KM (se abre en una nueva pesta\u00f1a)\">Classificaci\u00f3 eBike 40 KM<\/a><\/strong><\/p>\n\n\n\n<p><strong><a href=\"http:\/\/www.bttllagostera.cat\/wp-content\/uploads\/2021\/08\/Salamandra-2021-Curt-1-1.pdf\" target=\"_blank\" rel=\"noreferrer noopener\" aria-label=\"Classificaci\u00f3 Curt 25 KM (se abre en una nueva pesta\u00f1a)\">Classificaci\u00f3 Curt 25 KM<\/a><\/strong><\/p>\n\n\n\n<p>Al llarg d&#8217;aquesta setmana tamb\u00e9 us anirem publicant els <strong>\u00e0lbums de fotos de la marxa<\/strong>: <\/p>\n\n\n\n<p><strong><a rel=\"noreferrer noopener\" aria-label=\"Primer \u00e0lbum (se abre en una nueva pesta\u00f1a)\" href=\"https:\/\/photos.google.com\/share\/AF1QipNNZOQqg_3bdSAwLLP-el6CIERSrXo07ttgYbUo94MFZFsFw-NZob_1oowVfaesvA?key=LVJzMWs5S1BJX0hibFloS1RnYXNDMXV4bFNZZG1B\" target=\"_blank\">\u00c0lbum de Lurdes Ricart<\/a><\/strong><\/p>\n\n\n\n<p><strong><a href=\"https:\/\/photos.google.com\/share\/AF1QipPXiDhjwC5PaTppcW9J6ZVU_TLG6i4V8W8KWSjvoEnwvMhKok_XxypbdgAVycwt0Q?key=UG5Pb3B3UzFIUG42VmpVOHhYbDc2MnA1MFFLS3hR\" target=\"_blank\" rel=\"noreferrer noopener\" aria-label=\"\u00c0lbum de Marta Camprub\u00ed (se abre en una nueva pesta\u00f1a)\">\u00c0lbum de Marta Camprub\u00ed<\/a><\/strong><\/p>\n\n\n\n<p><strong><a rel=\"noreferrer noopener\" aria-label=\"\u00c0lbum de Pere Casals (se abre en una nueva pesta\u00f1a)\" href=\"https:\/\/photos.google.com\/share\/AF1QipPhSqMb7PpsqU9IcCKGMTfKlZK92TN3pTeUx3ApTCAq7wE-RImq_CfLbKRaqY67nA?key=WkNZenZ1SkhLNENUUS1fM2lVWHF4SDRRcWl1WV9B\" target=\"_blank\">\u00c0lbum de Pere Casals<\/a><\/strong><\/p>\n\n\n\n<p><strong><a href=\"https:\/\/photos.google.com\/share\/AF1QipPBiLPXQ3Guy-7kqSk9iTDRlXCGexKIdXuwT4FrNL37cQ4kC3AwFVwGzB39uleJRQ?pli=1&amp;key=SU5wTk9LRjdnbWJOWVBtaFB2TWd5c0t3OGJCRk1n\">\u00c0lbum de Jaume Masnou<\/a><\/strong><\/p>\n\n\n\n<p><a rel=\"noreferrer noopener\" aria-label=\"\u00c0lbum de Narc\u00eds Amat (se abre en una nueva pesta\u00f1a)\" href=\"https:\/\/photos.google.com\/share\/AF1QipPhqz4VkPnven2KYoL8o0EZJU-T3Y6aBIpF8UlNRtqd-OlXFvVbUqv_nw-Pg-XKDQ?key=WFVaS25JMXlkYWtFVVFYWHU3YnE0YmVsWE9nR0Rn\" target=\"_blank\"><strong>\u00c0lbum de Narc\u00eds Amat<\/strong><\/a><\/p>\n\n\n\n<p><a rel=\"noreferrer noopener\" aria-label=\"\u00c0lbum de Manuel Carre\u00f1o (se abre en una nueva pesta\u00f1a)\" href=\"https:\/\/photos.google.com\/share\/AF1QipPzb9SQTcXE5MOiDIn8SD69cuaijDFIwy9hPZvL3fgIiPINUvssz6XBLNvGtNdZkw?key=YjRKVW53aFI3d1ZvcjlGNzc3Vk5sYU00Tl9aTjV3\" target=\"_blank\"><strong>\u00c0lbum de Manuel Carre\u00f1o<\/strong><\/a> <\/p>\n\n\n\n<p><strong><a href=\"https:\/\/photos.google.com\/share\/AF1QipMDiugwQIRXy5T788vGrpkGz2TYtnD6eXBFcna7xarBm5xPoU4SGPsc7ib8jNMn7Q?key=R0R2dGQtOGV1TkxiT2s2NXRKd1dKYUN5aVd2c0hB\" target=\"_blank\" rel=\"noreferrer noopener\" aria-label=\"\u00c0lbum de Jordi Boadella (se abre en una nueva pesta\u00f1a)\">\u00c0lbum de Jordi Boadella<\/a><\/strong><\/p>\n\n\n\n<p><em>Actualitzat: 14.09.21, 23.30 h<\/em><\/p>\n","protected":false},"excerpt":{"rendered":"<p>Bones a tothom! Ja podeu consultar les classificacions de La Salamandra 2021. Us recordem que es tracta d&#8217;una marxa popular no competitiva i que us oferim les classificacions com a un servei m\u00e9s, per\u00f2 poden contenir errors i imprecisions (en alguns cops, alienes a l&#8217;organitzaci\u00f3). Per a nosaltres, el m\u00e9s important era que gaud\u00edssiu dels &#8230;<\/p>\n","protected":false},"author":4,"featured_media":6205,"comment_status":"closed","ping_status":"closed","sticky":false,"template":"","format":"standard","meta":[],"categories":[99,95],"tags":[],"featured_image_src":"http:\/\/www.bttllagostera.cat\/wp-content\/uploads\/2021\/05\/2021-600x400.png","featured_image_src_square":"http:\/\/www.bttllagostera.cat\/wp-content\/uploads\/2021\/05\/2021-600x600.png","author_info":{"display_name":"Pol Figueras","author_link":"http:\/\/www.bttllagostera.cat\/?author=4"},"_links":{"self":[{"href":"http:\/\/www.bttllagostera.cat\/index.php?rest_route=\/wp\/v2\/posts\/6289"}],"collection":[{"href":"http:\/\/www.bttllagostera.cat\/index.php?rest_route=\/wp\/v2\/posts"}],"about":[{"href":"http:\/\/www.bttllagostera.cat\/index.php?rest_route=\/wp\/v2\/types\/post"}],"author":[{"embeddable":true,"href":"http:\/\/www.bttllagostera.cat\/index.php?rest_route=\/wp\/v2\/users\/4"}],"replies":[{"embeddable":true,"href":"http:\/\/www.bttllagostera.cat\/index.php?rest_route=%2Fwp%2Fv2%2Fcomments&post=6289"}],"version-history":[{"count":19,"href":"http:\/\/www.bttllagostera.cat\/index.php?rest_route=\/wp\/v2\/posts\/6289\/revisions"}],"predecessor-version":[{"id":6324,"href":"http:\/\/www.bttllagostera.cat\/index.php?rest_route=\/wp\/v2\/posts\/6289\/revisions\/6324"}],"wp:featuredmedia":[{"embeddable":true,"href":"http:\/\/www.bttllagostera.cat\/index.php?rest_route=\/wp\/v2\/media\/6205"}],"wp:attachment":[{"href":"http:\/\/www.bttllagostera.cat\/index.php?rest_route=%2Fwp%2Fv2%2Fmedia&parent=6289"}],"wp:term":[{"taxonomy":"category","embeddable":true,"href":"http:\/\/www.bttllagostera.cat\/index.php?rest_route=%2Fwp%2Fv2%2Fcategories&post=6289"},{"taxonomy":"post_tag","embeddable":true,"href":"http:\/\/www.bttllagostera.cat\/index.php?rest_route=%2Fwp%2Fv2%2Ftags&post=6289"}],"curies":[{"name":"wp","href":"https:\/\/api.w.org\/{rel}","templated":true}]}}