{"id":6272,"date":"2021-08-24T16:43:39","date_gmt":"2021-08-24T16:43:39","guid":{"rendered":"http:\/\/www.bttllagostera.cat\/?p=6272"},"modified":"2021-08-24T16:55:49","modified_gmt":"2021-08-24T16:55:49","slug":"la-salamandra-informacio-per-als-corredors","status":"publish","type":"post","link":"http:\/\/www.bttllagostera.cat\/?p=6272","title":{"rendered":"INFORMACI\u00d3 IMPORTANT DE LA SALAMANDRA"},"content":{"rendered":"\n<h4 class=\"wp-block-heading\">UBICACI\u00d3<\/h4>\n\n\n\n<p><\/p>\n\n\n\n<div class=\"wp-block-group\"><div class=\"wp-block-group__inner-container is-layout-flow\">\n<h4 class=\"wp-block-heading\"><strong>LLAGOSTERA<\/strong><\/h4>\n\n\n\n<p><strong>PAVELL\u00d3 MUNICIPAL D&#8217;ESPORTS JOSEP MIR, AV. DE L&#8217;ESPORT<\/strong><\/p>\n<\/div><\/div>\n\n\n\n<iframe src=\"https:\/\/www.google.com\/maps\/embed?pb=!1m18!1m12!1m3!1d2973.3432271968636!2d2.894817264821112!3d41.82090682697149!2m3!1f0!2f0!3f0!3m2!1i1024!2i768!4f13.1!3m3!1m2!1s0x12bb1c60c70c6a83%3A0x251d654f95260dac!2sPatronat%20Municipal%20d'Esports%20de%20Llagostera!5e0!3m2!1sca!2ses!4v1629821566818!5m2!1sca!2ses\" width=\"600\" height=\"450\" style=\"border:0;\" allowfullscreen=\"\" loading=\"lazy\"><\/iframe>\n\n\n\n<h4 class=\"wp-block-heading\">HORARIS<\/h4>\n\n\n\n<div class=\"wp-block-group\"><div class=\"wp-block-group__inner-container is-layout-flow\">\n<p>07:15 &#8211; 08:15: Recollida de dorsals<\/p>\n\n\n\n<p>08:30: Sortida Recorregut Llarg (BTT i E-Bike)<\/p>\n\n\n\n<p>09:00: Sortida Recorregut Curt<\/p>\n<\/div><\/div>\n\n\n\n<h4 class=\"wp-block-heading\">PERFIL DELS RECORREGUTS<\/h4>\n\n\n\n<figure class=\"wp-block-gallery columns-1 is-cropped wp-block-gallery-3 is-layout-flex\"><ul class=\"blocks-gallery-grid\"><li class=\"blocks-gallery-item\"><figure><img decoding=\"async\" loading=\"lazy\" width=\"1024\" height=\"308\" src=\"http:\/\/www.bttllagostera.cat\/wp-content\/uploads\/2021\/08\/InkedInkedRecorreguts-2021-Curta_LI-1024x308.jpg\" alt=\"\" data-id=\"6281\" data-full-url=\"http:\/\/www.bttllagostera.cat\/wp-content\/uploads\/2021\/08\/InkedInkedRecorreguts-2021-Curta_LI.jpg\" data-link=\"http:\/\/www.bttllagostera.cat\/?attachment_id=6281\" class=\"wp-image-6281\" srcset=\"http:\/\/www.bttllagostera.cat\/wp-content\/uploads\/2021\/08\/InkedInkedRecorreguts-2021-Curta_LI-1024x308.jpg 1024w, http:\/\/www.bttllagostera.cat\/wp-content\/uploads\/2021\/08\/InkedInkedRecorreguts-2021-Curta_LI-300x90.jpg 300w, http:\/\/www.bttllagostera.cat\/wp-content\/uploads\/2021\/08\/InkedInkedRecorreguts-2021-Curta_LI-768x231.jpg 768w, http:\/\/www.bttllagostera.cat\/wp-content\/uploads\/2021\/08\/InkedInkedRecorreguts-2021-Curta_LI-500x150.jpg 500w, http:\/\/www.bttllagostera.cat\/wp-content\/uploads\/2021\/08\/InkedInkedRecorreguts-2021-Curta_LI.jpg 1078w\" sizes=\"(max-width: 1024px) 100vw, 1024px\" \/><\/figure><\/li><\/ul><\/figure>\n\n\n\n<div class=\"wp-block-group\"><div class=\"wp-block-group__inner-container is-layout-flow\">\n<figure class=\"wp-block-gallery columns-0 is-cropped wp-block-gallery-5 is-layout-flex\"><ul class=\"blocks-gallery-grid\"><\/ul><\/figure>\n<\/div><\/div>\n\n\n\n<div class=\"wp-block-group\"><div class=\"wp-block-group__inner-container is-layout-flow\">\n<p><strong>Avituallament<\/strong> amb beguda i fruita al <strong>KM17<\/strong>  <\/p>\n\n\n\n<p><strong>Desviaci\u00f3<\/strong> recorregut Curt-Llarg <strong>KM21<\/strong><\/p>\n<\/div><\/div>\n\n\n\n<p><\/p>\n\n\n\n<figure class=\"wp-block-gallery columns-1 is-cropped wp-block-gallery-9 is-layout-flex\"><ul class=\"blocks-gallery-grid\"><li class=\"blocks-gallery-item\"><figure><img decoding=\"async\" loading=\"lazy\" width=\"1024\" height=\"317\" src=\"http:\/\/www.bttllagostera.cat\/wp-content\/uploads\/2021\/08\/InkedInkedRecorreguts-2021-Llarga_LI-1024x317.jpg\" alt=\"\" data-id=\"6282\" data-full-url=\"http:\/\/www.bttllagostera.cat\/wp-content\/uploads\/2021\/08\/InkedInkedRecorreguts-2021-Llarga_LI.jpg\" data-link=\"http:\/\/www.bttllagostera.cat\/?attachment_id=6282\" class=\"wp-image-6282\" srcset=\"http:\/\/www.bttllagostera.cat\/wp-content\/uploads\/2021\/08\/InkedInkedRecorreguts-2021-Llarga_LI-1024x317.jpg 1024w, http:\/\/www.bttllagostera.cat\/wp-content\/uploads\/2021\/08\/InkedInkedRecorreguts-2021-Llarga_LI-300x93.jpg 300w, http:\/\/www.bttllagostera.cat\/wp-content\/uploads\/2021\/08\/InkedInkedRecorreguts-2021-Llarga_LI-768x238.jpg 768w, http:\/\/www.bttllagostera.cat\/wp-content\/uploads\/2021\/08\/InkedInkedRecorreguts-2021-Llarga_LI-500x155.jpg 500w, http:\/\/www.bttllagostera.cat\/wp-content\/uploads\/2021\/08\/InkedInkedRecorreguts-2021-Llarga_LI.jpg 1072w\" sizes=\"(max-width: 1024px) 100vw, 1024px\" \/><\/figure><\/li><\/ul><\/figure>\n\n\n\n<figure class=\"wp-block-gallery columns-0 is-cropped wp-block-gallery-11 is-layout-flex\"><ul class=\"blocks-gallery-grid\"><\/ul><\/figure>\n\n\n\n<div class=\"wp-block-group\"><div class=\"wp-block-group__inner-container is-layout-flow\">\n<p><strong>Avituallaments<\/strong> amb beguda i fruita al <strong>KM17<\/strong> i <strong>KM27<\/strong> <\/p>\n\n\n\n<p> <strong>Desviaci\u00f3<\/strong> recorregut Curt-Llarg <strong>KM21<\/strong> <\/p>\n\n\n\n<p><strong>!!CONTROL: TALL DE TEMPS!!<\/strong><\/p>\n\n\n\n<p>    <strong>   Tots els participants del recorregut llarg que al KM21, la desviaci\u00f3 del recorregut Curt-Llarg, hagin superat el temps de 2H i 5MIN<\/strong> <strong>obligat\u00f2riament hauran de desviar-se cap al recorregut curt (Qui faci cas om\u00eds quedar\u00e0 fora de cursa autom\u00e0ticament i seguint pel seu propi compte sense cap responsabilitat per part de l&#8217;organitzaci\u00f3)<\/strong><\/p>\n<\/div><\/div>\n\n\n\n<div class=\"wp-block-group\"><div class=\"wp-block-group__inner-container is-layout-flow\">\n<h4 class=\"wp-block-heading\">RECORDEM RESPECTAR TOTES LES NORMES COVID<\/h4>\n<\/div><\/div>\n\n\n\n<ul><li>Obligatori \u00fas de mascareta a l&#8217;interior del pavell\u00f3 i a la graella de de sortida fins 30 segons abans de la sortida<\/li><li>Control de temperatura previ a la recollida de dorsals<\/li><li>Diversos punts de desinfecci\u00f3 amb gel hidroalcoh\u00f2lic repartits per a la zona del pavell\u00f3<\/li><li>Avituallaments on nom\u00e9s us podran reomplir bidons i administrar-vos menjar (Pl\u00e0tan i S\u00edndria Cocacola i Aigua) els membres de l&#8217;organitzaci\u00f3 autoritzats !!ELS PARTICIPANTS HAURAN D&#8217;ESPERAR SI CAL A SER SERVITS!!<\/li><\/ul>\n\n\n\n<h2 class=\"wp-block-heading\"><strong>\u00b7<\/strong><\/h2>\n","protected":false},"excerpt":{"rendered":"<p>UBICACI\u00d3 LLAGOSTERA PAVELL\u00d3 MUNICIPAL D&#8217;ESPORTS JOSEP MIR, AV. DE L&#8217;ESPORT HORARIS 07:15 &#8211; 08:15: Recollida de dorsals 08:30: Sortida Recorregut Llarg (BTT i E-Bike) 09:00: Sortida Recorregut Curt PERFIL DELS RECORREGUTS Avituallament amb beguda i fruita al KM17 Desviaci\u00f3 recorregut Curt-Llarg KM21 Avituallaments amb beguda i fruita al KM17 i KM27 Desviaci\u00f3 recorregut Curt-Llarg KM21 &#8230;<\/p>\n","protected":false},"author":3,"featured_media":6201,"comment_status":"closed","ping_status":"closed","sticky":false,"template":"","format":"standard","meta":[],"categories":[99,1],"tags":[],"featured_image_src":"http:\/\/www.bttllagostera.cat\/wp-content\/uploads\/2021\/04\/WhatsApp-Image-2021-04-30-at-23.22.59-600x400.jpeg","featured_image_src_square":"http:\/\/www.bttllagostera.cat\/wp-content\/uploads\/2021\/04\/WhatsApp-Image-2021-04-30-at-23.22.59-600x600.jpeg","author_info":{"display_name":"Roger Recasens","author_link":"http:\/\/www.bttllagostera.cat\/?author=3"},"_links":{"self":[{"href":"http:\/\/www.bttllagostera.cat\/index.php?rest_route=\/wp\/v2\/posts\/6272"}],"collection":[{"href":"http:\/\/www.bttllagostera.cat\/index.php?rest_route=\/wp\/v2\/posts"}],"about":[{"href":"http:\/\/www.bttllagostera.cat\/index.php?rest_route=\/wp\/v2\/types\/post"}],"author":[{"embeddable":true,"href":"http:\/\/www.bttllagostera.cat\/index.php?rest_route=\/wp\/v2\/users\/3"}],"replies":[{"embeddable":true,"href":"http:\/\/www.bttllagostera.cat\/index.php?rest_route=%2Fwp%2Fv2%2Fcomments&post=6272"}],"version-history":[{"count":7,"href":"http:\/\/www.bttllagostera.cat\/index.php?rest_route=\/wp\/v2\/posts\/6272\/revisions"}],"predecessor-version":[{"id":6287,"href":"http:\/\/www.bttllagostera.cat\/index.php?rest_route=\/wp\/v2\/posts\/6272\/revisions\/6287"}],"wp:featuredmedia":[{"embeddable":true,"href":"http:\/\/www.bttllagostera.cat\/index.php?rest_route=\/wp\/v2\/media\/6201"}],"wp:attachment":[{"href":"http:\/\/www.bttllagostera.cat\/index.php?rest_route=%2Fwp%2Fv2%2Fmedia&parent=6272"}],"wp:term":[{"taxonomy":"category","embeddable":true,"href":"http:\/\/www.bttllagostera.cat\/index.php?rest_route=%2Fwp%2Fv2%2Fcategories&post=6272"},{"taxonomy":"post_tag","embeddable":true,"href":"http:\/\/www.bttllagostera.cat\/index.php?rest_route=%2Fwp%2Fv2%2Ftags&post=6272"}],"curies":[{"name":"wp","href":"https:\/\/api.w.org\/{rel}","templated":true}]}}