{"id":5702,"date":"2020-07-22T07:31:16","date_gmt":"2020-07-22T07:31:16","guid":{"rendered":"http:\/\/eriksebastia.com\/bttllagostera\/?p=5702"},"modified":"2020-10-15T10:43:45","modified_gmt":"2020-10-15T10:43:45","slug":"descobreix-el-club-btt-llagostera","status":"publish","type":"post","link":"http:\/\/www.bttllagostera.cat\/?p=5702","title":{"rendered":"Descobreix el Club BTT Llagostera"},"content":{"rendered":"\n<h2 class=\"wp-block-heading\">El Club<\/h2>\n\n\n\n<p> La popularitzaci\u00f3 del BTT al nostre pa\u00eds va ser fulgurant, com devia ser-ho a la resta del mon occidental. Molta gent va endinsar-se dins el mon del ciclisme de muntanya, atreta segurament per el nou format que havien adquirit les bicicletes : canvi de marxes al manillar, relaci\u00f3 de velocitats molt variada, rodes amples, robustes &#8230;<br>Una nova nissaga d\u2019esportistes havia d\u2019omplir els camins rurals i els corriols de les muntanyes. Aquests nous esportistes van trobar en el BTT una nova manera de fer esport: gaudir de la natura i dels espais oberts, sentir les desc\u00e0rregues d\u2019adrenalina en un descens vertigin\u00f3s i l\u2019euf\u00f2ria d\u2019aconseguir pujar una forta pendent sense ni aixecar el cul del seient (patint de valent, \u00e9s clar).<br><br>Llagostera no va ser diferent i de mica en mica es va anar estenent la nova modalitat de ciclisme. La pr\u00e0ctica de l\u2019esport juntament amb la necessitat de con\u00e8ixer nous camins, va fer que sorgissin noves colles de companys per sortir a pedalar junts.<br><br>Una d\u2019aquestes colles es va reunir amb la idea de formar un club de ciclisme de muntanya: el Club BTT Llagostera. Aix\u00f2 fa ser a finals del 1993 &#8230; i encara estem aqu\u00ed.<br>Som una secci\u00f3 del Patronat Municipal d\u2019Esports, a qui devem tot el suport que ens ha prestat i des d\u2019on hem desenvolupat les nostres activitats.<br><br>Al 2006 varem refundar el club :Es va modificar la junta, es va instaurar una quota de soci per formalitzar una mica l&#8217;associaci\u00f3 i disposar d&#8217;algun caler per a les despeses d&#8217;impressi\u00f3 de programes, calendaris, esmorzars&#8230;<br>Ara som m\u00e9s socis, amb m\u00e9s participaci\u00f3, m\u00e9s il\u00b7lussi\u00f3 per continuar treballant i &#8230; continuem resistint !!! <\/p>\n\n\n\n<h2 class=\"wp-block-heading\"> Llic\u00e8ncia federativa <\/h2>\n\n\n\n<p> El Club BTT Llagostera una entitat legalment constituida, un club esportiu inscrit al Registre d&#8217;Entitats Eportives de la Generalitat de Catalunya i amb Llic\u00e8ncia Federativa de la FCC. Qualsevol practicant de ciclisme que vulgui federar-se ho pot fer a trav\u00e9s de la nostra entitat.<br><br>Veieu la secci\u00f3 Llic\u00e8ncies per a m\u00e9s informaci\u00f3. <\/p>\n\n\n\n<h2 class=\"wp-block-heading\">Socis<\/h2>\n\n\n\n<p> Si us voleu fer socis del Club BTT Llagostera, accediu a la secci\u00f3&nbsp;<strong>Fes-te Soci<\/strong>&nbsp;per a m\u00e9s informaci\u00f3. <\/p>\n\n\n\n<figure class=\"wp-block-image size-large\"><img decoding=\"async\" loading=\"lazy\" width=\"1024\" height=\"680\" src=\"http:\/\/eriksebastia.com\/bttllagostera\/wp-content\/uploads\/2020\/07\/DSC_0165-1024x680.jpg\" alt=\"\" class=\"wp-image-5703\" srcset=\"http:\/\/www.bttllagostera.cat\/wp-content\/uploads\/2020\/07\/DSC_0165-1024x680.jpg 1024w, http:\/\/www.bttllagostera.cat\/wp-content\/uploads\/2020\/07\/DSC_0165-300x199.jpg 300w, http:\/\/www.bttllagostera.cat\/wp-content\/uploads\/2020\/07\/DSC_0165-768x510.jpg 768w, http:\/\/www.bttllagostera.cat\/wp-content\/uploads\/2020\/07\/DSC_0165-1536x1020.jpg 1536w, http:\/\/www.bttllagostera.cat\/wp-content\/uploads\/2020\/07\/DSC_0165-2048x1360.jpg 2048w, http:\/\/www.bttllagostera.cat\/wp-content\/uploads\/2020\/07\/DSC_0165-500x332.jpg 500w, http:\/\/www.bttllagostera.cat\/wp-content\/uploads\/2020\/07\/DSC_0165-600x399.jpg 600w\" sizes=\"(max-width: 1024px) 100vw, 1024px\" \/><\/figure>\n","protected":false},"excerpt":{"rendered":"<p>El Club La popularitzaci\u00f3 del BTT al nostre pa\u00eds va ser fulgurant, com devia ser-ho a la resta del mon occidental. Molta gent va endinsar-se dins el mon del ciclisme de muntanya, atreta segurament per el nou format que havien adquirit les bicicletes : canvi de marxes al manillar, relaci\u00f3 de velocitats molt variada, rodes &#8230;<\/p>\n","protected":false},"author":1,"featured_media":5866,"comment_status":"open","ping_status":"open","sticky":false,"template":"","format":"standard","meta":[],"categories":[97],"tags":[],"featured_image_src":"http:\/\/www.bttllagostera.cat\/wp-content\/uploads\/2020\/07\/07-19-2020-bbt-Llagostera-133-Editar-600x400.jpg","featured_image_src_square":"http:\/\/www.bttllagostera.cat\/wp-content\/uploads\/2020\/07\/07-19-2020-bbt-Llagostera-133-Editar-600x600.jpg","author_info":{"display_name":"erik","author_link":"http:\/\/www.bttllagostera.cat\/?author=1"},"_links":{"self":[{"href":"http:\/\/www.bttllagostera.cat\/index.php?rest_route=\/wp\/v2\/posts\/5702"}],"collection":[{"href":"http:\/\/www.bttllagostera.cat\/index.php?rest_route=\/wp\/v2\/posts"}],"about":[{"href":"http:\/\/www.bttllagostera.cat\/index.php?rest_route=\/wp\/v2\/types\/post"}],"author":[{"embeddable":true,"href":"http:\/\/www.bttllagostera.cat\/index.php?rest_route=\/wp\/v2\/users\/1"}],"replies":[{"embeddable":true,"href":"http:\/\/www.bttllagostera.cat\/index.php?rest_route=%2Fwp%2Fv2%2Fcomments&post=5702"}],"version-history":[{"count":4,"href":"http:\/\/www.bttllagostera.cat\/index.php?rest_route=\/wp\/v2\/posts\/5702\/revisions"}],"predecessor-version":[{"id":5945,"href":"http:\/\/www.bttllagostera.cat\/index.php?rest_route=\/wp\/v2\/posts\/5702\/revisions\/5945"}],"wp:featuredmedia":[{"embeddable":true,"href":"http:\/\/www.bttllagostera.cat\/index.php?rest_route=\/wp\/v2\/media\/5866"}],"wp:attachment":[{"href":"http:\/\/www.bttllagostera.cat\/index.php?rest_route=%2Fwp%2Fv2%2Fmedia&parent=5702"}],"wp:term":[{"taxonomy":"category","embeddable":true,"href":"http:\/\/www.bttllagostera.cat\/index.php?rest_route=%2Fwp%2Fv2%2Fcategories&post=5702"},{"taxonomy":"post_tag","embeddable":true,"href":"http:\/\/www.bttllagostera.cat\/index.php?rest_route=%2Fwp%2Fv2%2Ftags&post=5702"}],"curies":[{"name":"wp","href":"https:\/\/api.w.org\/{rel}","templated":true}]}}