{"id":5681,"date":"2020-07-21T20:46:49","date_gmt":"2020-07-21T20:46:49","guid":{"rendered":"http:\/\/eriksebastia.com\/bttllagostera\/?p=5681"},"modified":"2020-07-21T20:46:51","modified_gmt":"2020-07-21T20:46:51","slug":"salamandra-2020-aplacada","status":"publish","type":"post","link":"http:\/\/www.bttllagostera.cat\/?p=5681","title":{"rendered":"Salamandra 2020 apla\u00e7ada"},"content":{"rendered":"\n<p>Hola amics i amigues,<br><br>Lamentem informar-vos oficialment que despr\u00e9s d&#8217;una votaci\u00f3 de la junta del club, hem decidit posposar la Salamandra al 2021 per la situaci\u00f3 actual de COVID-19.<br><br>Hem esperat fins l\u2019\u00faltim moment per a poder decidir-ho per tal de tenir garanties, per\u00f2 amb el que tenim actualment no podem oferir la experiencia ideal de La Salamandra. Esperem en breu poder tenir ja al poble l\u2019\u00c0rea de trial i poder fer algun esdeveniment. <br><br>Volem fer un especial agraiment als nostres <strong>patrocinadors de la cursa<\/strong> i a tots els <strong>colaboradors<\/strong>. <br><br>Moltes gr\u00e0cies<br>Salutacions cordials<\/p>\n","protected":false},"excerpt":{"rendered":"<p>Hola amics i amigues, Lamentem informar-vos oficialment que despr\u00e9s d&#8217;una votaci\u00f3 de la junta del club, hem decidit posposar la Salamandra al 2021 per la situaci\u00f3 actual de COVID-19. Hem esperat fins l\u2019\u00faltim moment per a poder decidir-ho per tal de tenir garanties, per\u00f2 amb el que tenim actualment no podem oferir la experiencia ideal &#8230;<\/p>\n","protected":false},"author":1,"featured_media":5683,"comment_status":"open","ping_status":"open","sticky":false,"template":"","format":"standard","meta":[],"categories":[96],"tags":[],"featured_image_src":"http:\/\/www.bttllagostera.cat\/wp-content\/uploads\/2020\/07\/Instagram-Apla\u00e7ada-600x400.jpg","featured_image_src_square":"http:\/\/www.bttllagostera.cat\/wp-content\/uploads\/2020\/07\/Instagram-Apla\u00e7ada-600x600.jpg","author_info":{"display_name":"erik","author_link":"http:\/\/www.bttllagostera.cat\/?author=1"},"_links":{"self":[{"href":"http:\/\/www.bttllagostera.cat\/index.php?rest_route=\/wp\/v2\/posts\/5681"}],"collection":[{"href":"http:\/\/www.bttllagostera.cat\/index.php?rest_route=\/wp\/v2\/posts"}],"about":[{"href":"http:\/\/www.bttllagostera.cat\/index.php?rest_route=\/wp\/v2\/types\/post"}],"author":[{"embeddable":true,"href":"http:\/\/www.bttllagostera.cat\/index.php?rest_route=\/wp\/v2\/users\/1"}],"replies":[{"embeddable":true,"href":"http:\/\/www.bttllagostera.cat\/index.php?rest_route=%2Fwp%2Fv2%2Fcomments&post=5681"}],"version-history":[{"count":1,"href":"http:\/\/www.bttllagostera.cat\/index.php?rest_route=\/wp\/v2\/posts\/5681\/revisions"}],"predecessor-version":[{"id":5684,"href":"http:\/\/www.bttllagostera.cat\/index.php?rest_route=\/wp\/v2\/posts\/5681\/revisions\/5684"}],"wp:featuredmedia":[{"embeddable":true,"href":"http:\/\/www.bttllagostera.cat\/index.php?rest_route=\/wp\/v2\/media\/5683"}],"wp:attachment":[{"href":"http:\/\/www.bttllagostera.cat\/index.php?rest_route=%2Fwp%2Fv2%2Fmedia&parent=5681"}],"wp:term":[{"taxonomy":"category","embeddable":true,"href":"http:\/\/www.bttllagostera.cat\/index.php?rest_route=%2Fwp%2Fv2%2Fcategories&post=5681"},{"taxonomy":"post_tag","embeddable":true,"href":"http:\/\/www.bttllagostera.cat\/index.php?rest_route=%2Fwp%2Fv2%2Ftags&post=5681"}],"curies":[{"name":"wp","href":"https:\/\/api.w.org\/{rel}","templated":true}]}}